{"id":4103,"date":"2025-10-21T16:12:37","date_gmt":"2025-10-21T16:12:37","guid":{"rendered":"https:\/\/www.mwcsappada2026.com\/2025\/10\/21\/sappada-e-forni-avoltri-pronte-ad-accogliere-uno-degli-eventi-piu-attesi-degli-ultimi-anni\/"},"modified":"2025-10-21T16:20:53","modified_gmt":"2025-10-21T16:20:53","slug":"sappada-e-forni-avoltri-pronte-ad-accogliere-uno-degli-eventi-piu-attesi-degli-ultimi-anni","status":"publish","type":"post","link":"https:\/\/www.mwcsappada2026.com\/it\/2025\/10\/21\/sappada-e-forni-avoltri-pronte-ad-accogliere-uno-degli-eventi-piu-attesi-degli-ultimi-anni\/","title":{"rendered":"SAPPADA E FORNI AVOLTRI PRONTE AD ACCOGLIERE UNO DEGLI EVENTI PI\u00d9 ATTESI DEGLI ULTIMI ANNI"},"content":{"rendered":"<p>Mancano meno di 100 giorni al via dei World Masters Cross-Country Ski Championships Sappada\u2013Forni Avoltri 2026 e le due localit\u00e0 friulane si preparano ad accogliere uno degli appuntamenti sportivi pi\u00f9 importanti della stagione invernale. L\u2019evento, che si svolger\u00e0 dal 29 gennaio al 6 febbraio 2026, porter\u00e0, si stima, circa 1000 atleti da 30 nazioni a Sappada e Forni Avoltri per una manifestazione che sar\u00e0 una degna anteprima delle Olimpiadi Invernali di Milano Cortina 2026, al via proprio il giorno dopo la conclusione delle gare di Sappada.<\/p>\n<p><img decoding=\"async\" loading=\"lazy\" class=\"alignnone size-medium wp-image-3871\" src=\"https:\/\/www.mwcsappada2026.com\/wp-content\/uploads\/2025\/01\/5-300x200.jpg\" alt=\"\" width=\"300\" height=\"200\" srcset=\"https:\/\/www.mwcsappada2026.com\/wp-content\/uploads\/2025\/01\/5-300x200.jpg 300w, https:\/\/www.mwcsappada2026.com\/wp-content\/uploads\/2025\/01\/5-600x400.jpg 600w, https:\/\/www.mwcsappada2026.com\/wp-content\/uploads\/2025\/01\/5.jpg 750w\" sizes=\"auto, (max-width: 300px) 100vw, 300px\" \/><img decoding=\"async\" loading=\"lazy\" class=\"alignnone size-medium wp-image-3869\" src=\"https:\/\/www.mwcsappada2026.com\/wp-content\/uploads\/2025\/01\/3-300x200.jpg\" alt=\"\" width=\"300\" height=\"200\" srcset=\"https:\/\/www.mwcsappada2026.com\/wp-content\/uploads\/2025\/01\/3-300x200.jpg 300w, https:\/\/www.mwcsappada2026.com\/wp-content\/uploads\/2025\/01\/3-600x400.jpg 600w, https:\/\/www.mwcsappada2026.com\/wp-content\/uploads\/2025\/01\/3.jpg 750w\" sizes=\"auto, (max-width: 300px) 100vw, 300px\" \/><\/p>\n<p>L\u2019organizzazione \u00e8 nel vivo: il Comitato Mondiali Master, presieduto dal campione olimpico Silvio Fauner, sta lavorando intensamente su tutti gli aspetti logistici e sportivi. &#8220;\u00c8 un onore per noi poter ospitare un evento di questa portata proprio qui a Sappada e Forni Avoltri \u2013 dichiara Fauner \u2013. Sar\u00e0 un\u2019occasione unica per mostrare al mondo la bellezza del nostro territorio, la nostra capacit\u00e0 organizzativa e la passione che da sempre ci lega allo sci di fondo. Il clima che si respira \u00e8 quello delle grandi occasioni, e ci stiamo preparando al meglio per accogliere atleti, accompagnatori e ospiti da ogni parte del mondo.&#8221;<\/p>\n<p><img decoding=\"async\" loading=\"lazy\" class=\"alignnone size-medium wp-image-3934\" src=\"https:\/\/www.mwcsappada2026.com\/wp-content\/uploads\/2025\/03\/Unknown-5-300x234.jpeg\" alt=\"\" width=\"300\" height=\"234\" srcset=\"https:\/\/www.mwcsappada2026.com\/wp-content\/uploads\/2025\/03\/Unknown-5-300x234.jpeg 300w, https:\/\/www.mwcsappada2026.com\/wp-content\/uploads\/2025\/03\/Unknown-5-1024x799.jpeg 1024w, https:\/\/www.mwcsappada2026.com\/wp-content\/uploads\/2025\/03\/Unknown-5-768x600.jpeg 768w, https:\/\/www.mwcsappada2026.com\/wp-content\/uploads\/2025\/03\/Unknown-5-1536x1199.jpeg 1536w, https:\/\/www.mwcsappada2026.com\/wp-content\/uploads\/2025\/03\/Unknown-5-2048x1599.jpeg 2048w, https:\/\/www.mwcsappada2026.com\/wp-content\/uploads\/2025\/03\/Unknown-5-600x468.jpeg 600w\" sizes=\"auto, (max-width: 300px) 100vw, 300px\" \/><\/p>\n<p>Ad oggi sono oltre 850 gli atleti iscritti, con le prenotazioni nelle strutture ricettive gi\u00e0 in fase avanzata. I due paesi stanno offrendo le migliori sistemazioni disponibili e il comitato sta ultimando la pianificazione dei transfer da e per l\u2019aeroporto di Venezia e da Dobbiaco. In fase di definizione anche i men\u00f9 che saranno serviti nella grande tensostruttura riscaldata adibita ai pasti quotidiani, cos\u00ec come quello della attesissima cena di gala.<\/p>\n<p>Tra gli eventi collaterali, spicca la serata celebrativa \u201cAspettando le Olimpiadi Milano Cortina\u201d, che vedr\u00e0 protagonisti i campioni delle due staffette d\u2019oro delle Olimpiadi di Lillehammer 1994 e Torino 2006: Silvio Fauner, Pietro Piller Cottrer, Giorgio Di Centa, Maurilio De Zolt e altri olimpionici saranno a Sappada per un momento di festa e memoria, ma anche per indossare nuovamente il pettorale in una gara simbolica sulla neve, la staffetta \u201cleggendaria\u201d.<\/p>\n<p>La manifestazione sar\u00e0 arricchita ogni sera da eventi musicali e culturali che spazieranno dal folk alla lirica, animando le due localit\u00e0 e regalando emozioni anche fuori dalle piste. \u00c8 inoltre in programma una giornata di escursione a Cividale del Friuli, dedicata alla scoperta della storia romana e longobarda e alla degustazione dei rinomati vini del Collio friulano, pensata per offrire ai partecipanti un\u2019esperienza completa del territorio.<\/p>\n<p><img decoding=\"async\" loading=\"lazy\" class=\"alignnone size-medium wp-image-3755\" src=\"https:\/\/www.mwcsappada2026.com\/wp-content\/uploads\/2025\/01\/sappada-dolomiti-attivita-inverno-sci-nordico-1920x1000-1-300x156.jpg\" alt=\"\" width=\"300\" height=\"156\" srcset=\"https:\/\/www.mwcsappada2026.com\/wp-content\/uploads\/2025\/01\/sappada-dolomiti-attivita-inverno-sci-nordico-1920x1000-1-300x156.jpg 300w, https:\/\/www.mwcsappada2026.com\/wp-content\/uploads\/2025\/01\/sappada-dolomiti-attivita-inverno-sci-nordico-1920x1000-1-600x313.jpg 600w, https:\/\/www.mwcsappada2026.com\/wp-content\/uploads\/2025\/01\/sappada-dolomiti-attivita-inverno-sci-nordico-1920x1000-1-1024x533.jpg 1024w, https:\/\/www.mwcsappada2026.com\/wp-content\/uploads\/2025\/01\/sappada-dolomiti-attivita-inverno-sci-nordico-1920x1000-1-768x400.jpg 768w, https:\/\/www.mwcsappada2026.com\/wp-content\/uploads\/2025\/01\/sappada-dolomiti-attivita-inverno-sci-nordico-1920x1000-1-1536x800.jpg 1536w, https:\/\/www.mwcsappada2026.com\/wp-content\/uploads\/2025\/01\/sappada-dolomiti-attivita-inverno-sci-nordico-1920x1000-1.jpg 1920w\" sizes=\"auto, (max-width: 300px) 100vw, 300px\" \/><\/p>\n<p>I World Masters Cross-Country Ski Championships Sappada\u2013Forni Avoltri 2026 non saranno solo un evento sportivo di alto livello, ma anche un\u2019importante occasione di promozione economica, sociale e turistica per l\u2019intera regione. E se l\u2019inverno \u00e8 ancora lontano, a Sappada e Forni Avoltri si lavora gi\u00e0 a pieno ritmo per far s\u00ec che tutto sia pronto per accendere i riflettori su una delle manifestazioni pi\u00f9 attese degli ultimi anni.<\/p>\n<p>&nbsp;<\/p>\n<p>Sappada, 21.10.2025<\/p>\n","protected":false},"excerpt":{"rendered":"<p>Mancano meno di 100 giorni al via dei World Masters Cross-Country Ski Championships Sappada\u2013Forni Avoltri 2026 e le due localit\u00e0 friulane si preparano ad accogliere uno degli appuntamenti sportivi pi\u00f9 importanti della stagione invernale. L\u2019evento, che si svolger\u00e0 dal 29&#8230;<\/p>\n","protected":false},"author":1,"featured_media":4044,"comment_status":"open","ping_status":"open","sticky":false,"template":"","format":"standard","meta":{"footnotes":""},"categories":[151],"tags":[],"class_list":["post-4103","post","type-post","status-publish","format-standard","has-post-thumbnail","hentry","category-news"],"_links":{"self":[{"href":"https:\/\/www.mwcsappada2026.com\/it\/wp-json\/wp\/v2\/posts\/4103","targetHints":{"allow":["GET"]}}],"collection":[{"href":"https:\/\/www.mwcsappada2026.com\/it\/wp-json\/wp\/v2\/posts"}],"about":[{"href":"https:\/\/www.mwcsappada2026.com\/it\/wp-json\/wp\/v2\/types\/post"}],"author":[{"embeddable":true,"href":"https:\/\/www.mwcsappada2026.com\/it\/wp-json\/wp\/v2\/users\/1"}],"replies":[{"embeddable":true,"href":"https:\/\/www.mwcsappada2026.com\/it\/wp-json\/wp\/v2\/comments?post=4103"}],"version-history":[{"count":1,"href":"https:\/\/www.mwcsappada2026.com\/it\/wp-json\/wp\/v2\/posts\/4103\/revisions"}],"predecessor-version":[{"id":4107,"href":"https:\/\/www.mwcsappada2026.com\/it\/wp-json\/wp\/v2\/posts\/4103\/revisions\/4107"}],"wp:featuredmedia":[{"embeddable":true,"href":"https:\/\/www.mwcsappada2026.com\/it\/wp-json\/wp\/v2\/media\/4044"}],"wp:attachment":[{"href":"https:\/\/www.mwcsappada2026.com\/it\/wp-json\/wp\/v2\/media?parent=4103"}],"wp:term":[{"taxonomy":"category","embeddable":true,"href":"https:\/\/www.mwcsappada2026.com\/it\/wp-json\/wp\/v2\/categories?post=4103"},{"taxonomy":"post_tag","embeddable":true,"href":"https:\/\/www.mwcsappada2026.com\/it\/wp-json\/wp\/v2\/tags?post=4103"}],"curies":[{"name":"wp","href":"https:\/\/api.w.org\/{rel}","templated":true}]}}