{"id":4199,"date":"2025-11-08T08:56:30","date_gmt":"2025-11-08T08:56:30","guid":{"rendered":"https:\/\/www.mwcsappada2026.com\/2025\/11\/08\/aspettando-le-olimpiadi-milano-cortina-2026\/"},"modified":"2025-11-08T09:25:36","modified_gmt":"2025-11-08T09:25:36","slug":"aspettando-le-olimpiadi-milano-cortina-2026","status":"publish","type":"post","link":"https:\/\/www.mwcsappada2026.com\/it\/2025\/11\/08\/aspettando-le-olimpiadi-milano-cortina-2026\/","title":{"rendered":"ASPETTANDO LE OLIMPIADI MILANO CORTINA 2026"},"content":{"rendered":"<p class=\"p1\"><strong>Serata celebrativa 3 febbraio 2025. <span class=\"s1\">Manca sempre meno al ritorno dei Giochi Olimpici Invernali in Italia, e l\u2019atmosfera dell\u2019attesa comincia a farsi sentire.<\/span><\/strong><\/p>\n<p class=\"p1\">Per celebrare questo cammino verso Milano Cortina 2026, vi invitiamo a una serata speciale, dedicata alla memoria, alle emozioni e ai valori che lo sport sa trasmettere come pochi altri linguaggi.<\/p>\n<p class=\"p1\">Nel suggestivo scenario del Villaggio Ospitalit\u00e0, accanto allo Stadio di Sci Nordico, si terr\u00e0 una serata di incontro, racconto e condivisione, in cui il passato glorioso dello sci di fondo Italiano, incontrer\u00e0 il futuro olimpico che ci attende. La serata sar\u00e0 interamente dedicata a due pagine leggendarie dello sport olimpico italiano: le staffette maschili 4&#215;10 km che conquistarono la medaglia d\u2019oro ai Giochi di Lillehammer 1994 e di Torino 2006. Due imprese che hanno emozionato il mondo intero, simbolo di determinazione, spirito di squadra e passione autentica<\/p>\n<p class=\"p1\">Saranno proprio loro i protagonisti della serata, pronti a condividere con il pubblico racconti, emozioni e aneddoti<\/p>\n<p class=\"p1\">di quelle straordinarie vittorie che hanno fatto sognare milioni di appassionati in tutto il mondo. L\u2019evento sar\u00e0 arricchito dalla proiezione di filmati originali e immagini d\u2019archivio delle due memorabili competizioni, per rivivere<\/p>\n<p><img decoding=\"async\" loading=\"lazy\" class=\"alignnone wp-image-4180\" src=\"https:\/\/www.mwcsappada2026.com\/wp-content\/uploads\/2025\/11\/serata-300x118.jpg\" alt=\"\" width=\"557\" height=\"219\" srcset=\"https:\/\/www.mwcsappada2026.com\/wp-content\/uploads\/2025\/11\/serata-300x118.jpg 300w, https:\/\/www.mwcsappada2026.com\/wp-content\/uploads\/2025\/11\/serata-1024x404.jpg 1024w, https:\/\/www.mwcsappada2026.com\/wp-content\/uploads\/2025\/11\/serata-768x303.jpg 768w, https:\/\/www.mwcsappada2026.com\/wp-content\/uploads\/2025\/11\/serata-1536x606.jpg 1536w, https:\/\/www.mwcsappada2026.com\/wp-content\/uploads\/2025\/11\/serata-600x237.jpg 600w, https:\/\/www.mwcsappada2026.com\/wp-content\/uploads\/2025\/11\/serata.jpg 1664w\" sizes=\"auto, (max-width: 557px) 100vw, 557px\" \/><\/p>\n<p class=\"p1\">filmati originali e immagini d\u2019archivio delle due memorabili competizioni.<\/p>\n<p class=\"p1\"><span class=\"s1\">L&#8217;evento<\/span> sar\u00e0 <span class=\"s1\">arricchito<\/span> dalla <span class=\"s1\">proiezione<\/span> di filmati originali e immagini d&#8217;archivio delle due memorabili competizioni, consentendo a tutti di rivivere i momenti decisivi delle gare, l&#8217;intensit\u00e0 della sfida e la gioia del traguardo.<\/p>\n<p class=\"p1\">Sar\u00e0 un viaggio nella storia dello sci di fondo, raccontato direttamente da chi l&#8217;ha scritta con talento e dedizione. Al termine della serata, tutti i partecipanti saranno invitati a brindare insieme agli atleti e agli ospiti, per celebrare lo spirito olimpico e guardare con entusiasmo al futuro che ci porter\u00e0 a Milano Cortina 2026.<\/p>\n<p class=\"p1\">Sar\u00e0 un momento di amicizia e condivisione, un&#8217;occasione per sentirsi parte di una grande comunit\u00e0 sportiva in continua crescita, unita dagli stessi valori di passione, rispetto e determinazione.<\/p>\n<p class=\"p1\">La partecipazione alla serata \u00e8 gratuita e aperta a tutti gli appassionati, cittadini e visitatori. Un&#8217;occasione imperdibile per rivivere insieme le emozioni delle grandi imprese olimpiche e per prepararsi, con rinnovato entusiasmo, ai prossimi Giochi Olimpici in casa.<\/p>\n","protected":false},"excerpt":{"rendered":"<p>Serata celebrativa 3 febbraio 2025. Manca sempre meno al ritorno dei Giochi Olimpici Invernali in Italia, e l\u2019atmosfera dell\u2019attesa comincia a farsi sentire. Per celebrare questo cammino verso Milano Cortina 2026, vi invitiamo a una serata speciale, dedicata alla memoria,&#8230;<\/p>\n","protected":false},"author":1,"featured_media":4198,"comment_status":"open","ping_status":"open","sticky":false,"template":"","format":"standard","meta":{"footnotes":""},"categories":[151],"tags":[],"class_list":["post-4199","post","type-post","status-publish","format-standard","has-post-thumbnail","hentry","category-news"],"_links":{"self":[{"href":"https:\/\/www.mwcsappada2026.com\/it\/wp-json\/wp\/v2\/posts\/4199","targetHints":{"allow":["GET"]}}],"collection":[{"href":"https:\/\/www.mwcsappada2026.com\/it\/wp-json\/wp\/v2\/posts"}],"about":[{"href":"https:\/\/www.mwcsappada2026.com\/it\/wp-json\/wp\/v2\/types\/post"}],"author":[{"embeddable":true,"href":"https:\/\/www.mwcsappada2026.com\/it\/wp-json\/wp\/v2\/users\/1"}],"replies":[{"embeddable":true,"href":"https:\/\/www.mwcsappada2026.com\/it\/wp-json\/wp\/v2\/comments?post=4199"}],"version-history":[{"count":1,"href":"https:\/\/www.mwcsappada2026.com\/it\/wp-json\/wp\/v2\/posts\/4199\/revisions"}],"predecessor-version":[{"id":4205,"href":"https:\/\/www.mwcsappada2026.com\/it\/wp-json\/wp\/v2\/posts\/4199\/revisions\/4205"}],"wp:featuredmedia":[{"embeddable":true,"href":"https:\/\/www.mwcsappada2026.com\/it\/wp-json\/wp\/v2\/media\/4198"}],"wp:attachment":[{"href":"https:\/\/www.mwcsappada2026.com\/it\/wp-json\/wp\/v2\/media?parent=4199"}],"wp:term":[{"taxonomy":"category","embeddable":true,"href":"https:\/\/www.mwcsappada2026.com\/it\/wp-json\/wp\/v2\/categories?post=4199"},{"taxonomy":"post_tag","embeddable":true,"href":"https:\/\/www.mwcsappada2026.com\/it\/wp-json\/wp\/v2\/tags?post=4199"}],"curies":[{"name":"wp","href":"https:\/\/api.w.org\/{rel}","templated":true}]}}